{"id":20328,"global_id":"visitpalma.com\/es\/?id=20328","global_id_lineage":["visitpalma.com\/es\/?id=20328"],"author":"4","status":"publish","date":"2026-04-30 13:48:19","date_utc":"2026-04-30 11:48:19","modified":"2026-04-30 13:50:04","modified_utc":"2026-04-30 11:50:04","url":"https:\/\/visitpalma.com\/es\/event\/gaudi-visitas-teatralizadas-2\/","rest_url":"https:\/\/visitpalma.com\/es\/wp-json\/tribe\/events\/v1\/events\/20328","title":"GAUD\u00cd &#8211; Visitas teatralizadas","description":"<p data-start=\"46\" data-end=\"318\">Los pr\u00f3ximos d\u00edas <strong data-start=\"64\" data-end=\"83\">26 y 27 de mayo<\/strong> tendr\u00e1n lugar unas exclusivas <strong data-start=\"114\" data-end=\"151\">visitas teatralizadas sobre Gaud\u00ed<\/strong> en la Catedral de Mallorca (La Seu), una oportunidad \u00fanica para descubrir su historia y su v\u00ednculo con este emblem\u00e1tico monumento de una forma diferente y envolvente.<\/p>\n<p data-start=\"320\" data-end=\"413\">Se realizar\u00e1n <strong data-start=\"334\" data-end=\"355\">dos pases diarios<\/strong>, a las <strong data-start=\"363\" data-end=\"372\">18:00<\/strong> y a las <strong data-start=\"381\" data-end=\"390\">19:30<\/strong>, con plazas limitadas.<\/p>\n<p data-start=\"415\" data-end=\"494\">Para asistir, es imprescindible <strong data-start=\"447\" data-end=\"493\">inscribirse previamente a trav\u00e9s de la web<\/strong>.<\/p>","excerpt":"","slug":"gaudi-visitas-teatralizadas-2","image":{"url":"https:\/\/visitpalma.com\/wp-content\/uploads\/2026\/04\/descarga.png","id":20324,"extension":"png","width":600,"height":750,"filesize":1012109,"sizes":{"medium":{"width":480,"height":600,"mime-type":"image\/png","filesize":530288,"url":"https:\/\/visitpalma.com\/wp-content\/uploads\/2026\/04\/descarga-480x600.png"},"thumbnail":{"width":320,"height":240,"mime-type":"image\/png","filesize":150352,"url":"https:\/\/visitpalma.com\/wp-content\/uploads\/2026\/04\/descarga-320x240.png"},"woocommerce_gallery_thumbnail":{"width":100,"height":100,"mime-type":"image\/png","filesize":22317,"url":"https:\/\/visitpalma.com\/wp-content\/uploads\/2026\/04\/descarga-100x100.png"},"cmplz_banner_image":{"width":350,"height":100,"mime-type":"image\/png","filesize":65732,"url":"https:\/\/visitpalma.com\/wp-content\/uploads\/2026\/04\/descarga-350x100.png"}}},"all_day":false,"start_date":"2026-05-27 18:00:00","start_date_details":{"year":"2026","month":"05","day":"27","hour":"18","minutes":"00","seconds":"00"},"end_date":"2026-05-27 19:30:00","end_date_details":{"year":"2026","month":"05","day":"27","hour":"19","minutes":"30","seconds":"00"},"utc_start_date":"2026-05-27 16:00:00","utc_start_date_details":{"year":"2026","month":"05","day":"27","hour":"16","minutes":"00","seconds":"00"},"utc_end_date":"2026-05-27 17:30:00","utc_end_date_details":{"year":"2026","month":"05","day":"27","hour":"17","minutes":"30","seconds":"00"},"timezone":"Europe\/Madrid","timezone_abbr":"CEST","cost":"20\u20ac","cost_details":{"currency_symbol":"\u20ac","currency_code":"EUR","currency_position":"suffix","values":["20"]},"website":"https:\/\/catedraldemallorca.org\/visitas\/recorridos\/?utm_source=newsletter_366&amp;utm_medium=email&amp;utm_campaign=noticias-catedral-de-mallorca-mayo","show_map":true,"show_map_link":true,"hide_from_listings":false,"sticky":false,"featured":false,"categories":[{"name":"Rutas guiadas","slug":"rutas-guiadas","term_group":0,"term_taxonomy_id":153,"taxonomy":"tribe_events_cat","description":"","parent":0,"count":4,"filter":"raw","id":153,"urls":{"self":"https:\/\/visitpalma.com\/es\/wp-json\/tribe\/events\/v1\/categories\/153","collection":"https:\/\/visitpalma.com\/es\/wp-json\/tribe\/events\/v1\/categories"}},{"name":"Teatro y espect\u00e1culos","slug":"teatro-espectaculos","term_group":0,"term_taxonomy_id":147,"taxonomy":"tribe_events_cat","description":"","parent":0,"count":65,"filter":"raw","id":147,"urls":{"self":"https:\/\/visitpalma.com\/es\/wp-json\/tribe\/events\/v1\/categories\/147","collection":"https:\/\/visitpalma.com\/es\/wp-json\/tribe\/events\/v1\/categories"}}],"tags":[],"venue":{"id":18886,"author":"4","status":"publish","date":"2025-12-01 13:50:44","date_utc":"2025-12-01 12:50:44","modified":"2025-12-01 13:50:44","modified_utc":"2025-12-01 12:50:44","url":"https:\/\/visitpalma.com\/es\/recinto\/catedral-de-palma\/","venue":"Catedral de Palma","slug":"catedral-de-palma","address":"Pla\u00e7a de la Seu, s\/n","city":"Palma","country":"Spain","province":"Islas Baleares","zip":"07001","phone":"971 71 31 33","website":"https:\/\/catedraldemallorca.org\/en\/","stateprovince":"Islas Baleares","json_ld":{"@type":"Place","name":"Catedral de Palma","description":"","url":"","address":{"@type":"PostalAddress","streetAddress":"Pla\u00e7a de la Seu, s\/n","addressLocality":"Palma","addressRegion":"Islas Baleares","postalCode":"07001","addressCountry":"Spain"},"telephone":"971 71 31 33","sameAs":"https:\/\/catedraldemallorca.org\/en\/"},"show_map":true,"show_map_link":true,"global_id":"visitpalma.com\/es\/?id=18886","global_id_lineage":["visitpalma.com\/es\/?id=18886"]},"organizer":[],"custom_fields":[],"json_ld":{"@context":"http:\/\/schema.org","@type":"Event","name":"GAUD\u00cd &#8211; Visitas teatralizadas","description":"&lt;p&gt;Los pr\u00f3ximos d\u00edas 26 y 27 de mayo tendr\u00e1n lugar unas exclusivas visitas teatralizadas sobre Gaud\u00ed en la Catedral de Mallorca (La Seu), una oportunidad \u00fanica para descubrir su historia [&hellip;]&lt;\/p&gt;\\n","image":"https:\/\/visitpalma.com\/wp-content\/uploads\/2026\/04\/descarga.png","url":"https:\/\/visitpalma.com\/es\/event\/gaudi-visitas-teatralizadas-2\/","eventAttendanceMode":"https:\/\/schema.org\/OfflineEventAttendanceMode","eventStatus":"https:\/\/schema.org\/EventScheduled","startDate":"2026-05-27T18:00:00+02:00","endDate":"2026-05-27T19:30:00+02:00","location":{"@type":"Place","name":"Catedral de Palma","description":"","url":"","address":{"@type":"PostalAddress","streetAddress":"Pla\u00e7a de la Seu, s\/n","addressLocality":"Palma","addressRegion":"Islas Baleares","postalCode":"07001","addressCountry":"Spain"},"telephone":"971 71 31 33","sameAs":"https:\/\/catedraldemallorca.org\/en\/"},"offers":{"@type":"Offer","price":"20","priceCurrency":"EUR","url":"https:\/\/visitpalma.com\/es\/event\/gaudi-visitas-teatralizadas-2\/","category":"primary","availability":"inStock","validFrom":"1970-01-01T00:00:00+00:00"},"performer":"Organization"}}